{"id":158,"date":"2011-07-15T18:46:47","date_gmt":"2011-07-15T18:46:47","guid":{"rendered":"http:\/\/yachtcharter-connection.com.w01e47c6.kasserver.com\/2011\/07\/15\/global-ocean-race-ab-palma\/"},"modified":"2011-07-15T18:46:47","modified_gmt":"2011-07-15T18:46:47","slug":"global-ocean-race-ab-palma","status":"publish","type":"post","link":"https:\/\/yachtcharter-connection.com\/de\/global-ocean-race-ab-palma\/","title":{"rendered":"Global Ocean Race ab Palma"},"content":{"rendered":"<p>Von Mallorca um die Welt: Ein Kurs mit 30.000 Seemeilen rund um den Globus erwartet die Teams, die am 25. September von Mallorca aus zum Global Ocean Race starten. <br \/><!--more--><img loading=\"lazy\" class=\"content-image\"  width=\"300\" height=\"199\" alt=\"\" src=\"https:\/\/yachtcharter-connection.com\/wp-content\/uploads\/converted_files\/29735\/29735-561d0db364b7e.jpg\" \/>Nach 5 Etappen mit Zwischenstopps im s\u00fcdafrikanischen Kapstadt, in  Wellington in Neuseeland, in Punta del Este in Uruguay sowie in  Charleston \/ USA werden die Yachten vom Typ Class 40,die am 25. September 2011 ihr Rennen starten, \u00fcber acht Monate  sp\u00e4ter wieder in die Bucht von Palma einlaufen. Mallorca ist damit erstmals Ausgangshafen f\u00fcr eine hochkar\u00e4tige Hochseeregatta around the world, nachdem schon Barcelona f\u00fcr das Barcelona World Race und Alicante f\u00fcr das Volvo Ocean Race Gastgeber f\u00fcr Segelcrews aus aller Welt waren. Erstmals wurde das Global Ocean Race als &bdquo;Portimao Global Ocean Race&ldquo; 2008 \/ 2009 ausgetragen.<\/p>\n<p>Im Gegensatz zu vielen Regatten in Mallorca, die oft unter Ausschluss der \u00d6ffentlichkeit stattfinden &ndash; zumindest f\u00fcr diejenigen, die kein Boot haben, um auf dem Wasser zuzuschauen &ndash; soll das GOR auch f\u00fcr Einheimische und Touristen ein Highlight werden: Auf der Muelle de Golondrinas gegen\u00fcber dem Auditorium ist mehrere Tage vor dem Start ein &bdquo;Race Village&ldquo; geplant, das f\u00fcr das Publikum offen zug\u00e4nglich sein soll.<\/p>\n<p>Die Veranstalter rechnen mit rund 19 Crews -darunter Teilnehmer aus fast allen gro\u00dfen Segelnationen wie England, Frankreich, Neuseeland, USA oder Italien, aber auch Irland, Holland, Belgien oder die noch junge Segelnation S\u00fcdafrika werden am Start vertreten sein. Gesegelt wird &bdquo;Zweihand&ldquo; &ndash; die meiste Beachtung in den Medien findet derzeit das englisch-deutsche Frauenteam mit Hannah Jenner und Anna-Maria Renken. <br \/>\nDie Class 40-Boote wurden speziell f\u00fcr Offshore-Rennen entwickelt, nach einer relativ einfachen &bdquo;Box Rule&ldquo; konstruiert, die f\u00fcr die Teilnehmer die Koste begrenzen sollten. So wird auf extrem aufwendige Technik ebenso verzichtet wie auf den exzessiven Einsatz sehr teuerer Materialien: Bewegliche Kanting-Kiele sind zum Beispiel verboten, Carbon ist als Material nur f\u00fcr Mast und Baum erlaubt &ndash; und auch die Anzahl der Segel ist strikt limitiert. <\/p>\n<p><img loading=\"lazy\" class=\"content-image\"  width=\"300\" height=\"199\" alt=\"\" src=\"https:\/\/yachtcharter-connection.com\/wp-content\/uploads\/converted_files\/29735\/29735-561d0db4ac03f.jpg\" \/>Der erste Racer ist schon in Mallorca: Der Neuseel\u00e4nder Conrad Colman hat seine brandneue Akilaria RC2, eine Class 40 der dritten Generation, direkt nach Fertigstellung im Mai auf der Werft in Tunesien abgeholt und sie auf die Balearen \u00fcberf\u00fchrt. Seit dem 19. Juni liegt sein Boot, getauft auf &bdquo;Jasmine Flyer&ldquo; jetzt in der Marina Port de Mallorca &ndash; und Colman freut sich auf die Vorbereitungszeit auf den Balearen, wo er das Schiff noch weiter optimieren will: &bdquo;Palma mit der tollen Bucht und der gro\u00dfartigen Infrastruktur ist der perfekte Ort f\u00fcr die Vorbereitung.&ldquo;<\/p>\n<p>Das  Global Ocean Race wurde 2008 \/ 2009 erstmals ausgetragen &#8211;  ab Portugal als &bdquo;Portimao Global Ocean Race.&ldquo; Die Wettfahrt war damals f\u00fcr Solosegler &bdquo;einhand&ldquo; und Zweierteams jeweils f\u00fcr Racer der Open 40 Class ausgeschrieben. Sieger bei den Soloseglern wurde der Belgier Michel Kleinjans, der auch in Palma an den Start gehen wird, nun aber im Zweierteam. Double-handed gewann das deutsche Team Boris Herrmann \/ Felix Ohme mit der Yacht &bdquo;Beluga Racer&ldquo; das Portimao Race &ndash; f\u00fcr Boris Herrmann ein exzellenter Start in eine Profikarriere als Offshore-Segler: Beim Barcelona World Race 2010 \/ 2011, diesmal mit der gr\u00f6\u00dferen Open 60 &bdquo;Neutrogena&ldquo; segelte er mit dem Amerikaner Ryan Breymaier nonstop um die Welt auf einen hervorragenden f\u00fcnften Platz, jetzt plant er die Teilnahme an der Vend\u00e9e Globe &ndash; diesmal einhand nonstop round the world. Vielleicht ein gutes Omen f\u00fcr die Segler, die von Mallorca aus die Kaps umrunden, mehrere Meere, die Flaute der Doldrums und die st\u00fcrmische See des Southern Ocean durchsegeln werden, und hoffentlich alle im Juni n\u00e4chsten Jahres wieder in die Bucht von Palma einlaufen&hellip;<\/p>\n","protected":false},"excerpt":{"rendered":"<p>Von Mallorca um die Welt: Ein Kurs mit 30.000 Seemeilen rund um den Globus erwartet die Teams, die am 25. September von Mallorca aus zum Global Ocean Race starten.<\/p>\n","protected":false},"author":11,"featured_media":0,"comment_status":"closed","ping_status":"open","sticky":false,"template":"","format":"standard","meta":[],"categories":[22,2],"tags":[],"aioseo_notices":[],"_links":{"self":[{"href":"https:\/\/yachtcharter-connection.com\/de\/wp-json\/wp\/v2\/posts\/158"}],"collection":[{"href":"https:\/\/yachtcharter-connection.com\/de\/wp-json\/wp\/v2\/posts"}],"about":[{"href":"https:\/\/yachtcharter-connection.com\/de\/wp-json\/wp\/v2\/types\/post"}],"author":[{"embeddable":true,"href":"https:\/\/yachtcharter-connection.com\/de\/wp-json\/wp\/v2\/users\/11"}],"replies":[{"embeddable":true,"href":"https:\/\/yachtcharter-connection.com\/de\/wp-json\/wp\/v2\/comments?post=158"}],"version-history":[{"count":0,"href":"https:\/\/yachtcharter-connection.com\/de\/wp-json\/wp\/v2\/posts\/158\/revisions"}],"wp:attachment":[{"href":"https:\/\/yachtcharter-connection.com\/de\/wp-json\/wp\/v2\/media?parent=158"}],"wp:term":[{"taxonomy":"category","embeddable":true,"href":"https:\/\/yachtcharter-connection.com\/de\/wp-json\/wp\/v2\/categories?post=158"},{"taxonomy":"post_tag","embeddable":true,"href":"https:\/\/yachtcharter-connection.com\/de\/wp-json\/wp\/v2\/tags?post=158"}],"curies":[{"name":"wp","href":"https:\/\/api.w.org\/{rel}","templated":true}]}}